{"id":106,"date":"2017-04-06T16:14:41","date_gmt":"2017-04-06T16:14:41","guid":{"rendered":"http:\/\/clubdepoesia.com\/franciscomanuelrodriguez\/?p=106"},"modified":"2017-04-06T16:14:41","modified_gmt":"2017-04-06T16:14:41","slug":"presentacion-del-libro-poesia-ilustrada-la-noche-del-cazador-otros-cuentos-la-sala-mirador","status":"publish","type":"post","link":"https:\/\/clubdepoesia.com\/franciscomanuelrodriguez\/2017\/04\/06\/presentacion-del-libro-poesia-ilustrada-la-noche-del-cazador-otros-cuentos-la-sala-mirador\/","title":{"rendered":"PRESENTACI\u00d3N DEL LIBRO DE POES\u00cdA ILUSTRADA  LA NOCHE DEL CAZADOR Y OTROS CUENTOS EN LA SALA MIRADOR"},"content":{"rendered":"<h1><strong>P<\/strong><strong>RESENTACI\u00d3N DEL LIBRO DE POES\u00cdA ILUSTRADA<\/strong><\/h1>\n<p>&nbsp;<\/p>\n<h2><strong><em>L<\/em><\/strong><strong><em>A NOCHE DEL CAZADOR Y OTROS CUENTOS<\/em><\/strong><\/h2>\n<p>En la Sala Mirador (Madrid) el s\u00e1bado 22 de abril a partir de las 12h del mediod\u00eda. <u>EL QU\u00c9:<\/u><\/p>\n<p>&nbsp;<\/p>\n<p>Presentaci\u00f3n p\u00fablica del libro de poes\u00eda ilustrada La Noche del Cazador, Editorial Poes\u00eda Eres T\u00fa. El acto aunar\u00e1 lectura dramatizada de poemas por un grupo teatral, coloquio con el p\u00fablico y autores, m\u00fasica en vivo y c\u00f3ctel de despedida. En las paredes colgar\u00e1n cuadros, ilustraciones del libro a gran formato.<\/p>\n<p>&nbsp;<\/p>\n<p><u>EL <\/u><u>P<\/u><u>OR QU\u00c9:<\/u><\/p>\n<p>&nbsp;<\/p>\n<p>La poes\u00eda naci\u00f3 para ser contada, como las leyendas y el argumento de las pel\u00edculas y de las novelas curiosas; por eso los mitos se vistieron de poes\u00eda y visitaron el teatro y despu\u00e9s el cine y siempre la literatura. Por eso se escribi\u00f3 este libro y se armaron de im\u00e1genes las historias de este y otros tiempos. Y van a alzar la voz en este acto y se escuchar\u00e1n canciones porque a la poes\u00eda tambi\u00e9n le va el ritmo, como a todos los latidos.<\/p>\n<p>&nbsp;<\/p>\n<ul>\n<li>M\u00fasica en vivo<\/li>\n<li>Lectura dramatizada de poemas<\/li>\n<li>Exposici\u00f3n de dibujos<\/li>\n<li>Coloquio con los autores<\/li>\n<li>C\u00f3ctel<\/li>\n<\/ul>\n<p>&nbsp;<\/p>\n<p><img fetchpriority=\"high\" decoding=\"async\" class=\"size-medium wp-image-76 alignleft\" src=\"https:\/\/clubdepoesia.com\/franciscomanuelrodriguez\/files\/2016\/07\/PortadaLanochedelcazador-206x300.jpg\" alt=\"\" width=\"206\" height=\"300\" srcset=\"https:\/\/clubdepoesia.com\/franciscomanuelrodriguez\/files\/2016\/07\/PortadaLanochedelcazador-206x300.jpg 206w, https:\/\/clubdepoesia.com\/franciscomanuelrodriguez\/files\/2016\/07\/PortadaLanochedelcazador-500x728.jpg 500w, https:\/\/clubdepoesia.com\/franciscomanuelrodriguez\/files\/2016\/07\/PortadaLanochedelcazador.jpg 546w\" sizes=\"(max-width: 206px) 100vw, 206px\" \/>T\u00edtulo: La noche del cazador<\/p>\n<p>Autor: Francisco Manuel Rodr\u00edguez Ilustraciones: Eva Mar\u00eda Garc\u00eda Mateo A\u00f1o de Publicaci\u00f3n: 2016<\/p>\n<p>Colecci\u00f3n: Poes\u00eda eres t\u00fa<\/p>\n<p>ISBN-13: 978-84-16480-25-8<\/p>\n<p>Editorial: Poes\u00eda eres t\u00fa <a href=\"http:\/\/www.poesiaerestu.com\/\">http:\/\/www.poesiaerestu.com<\/a><\/p>\n<p>&nbsp;<\/p>\n<p>&nbsp;<\/p>\n<p>&nbsp;<\/p>\n<p>&nbsp;<\/p>\n<p><a href=\"http:\/\/poesiaerestu.com\/la-noche-del-cazador-francisco-manuel-rodriguez-eva-maria-garcia-mateo\/\">http:\/\/poesiaerestu.com\/la-noche-del-cazador-francisco-manuel-rodriguez-eva-maria-garcia-mateo\/<\/a><\/p>\n<p>&nbsp;<\/p>\n<p>Despu\u00e9s de un brev\u00edsimo poema inicial a modo de reivindicaci\u00f3n narrativa, <em>\u00c9rase una vez<\/em>, un narrador-poeta visita, desde una puerta de entrada, <em>El sof\u00e1<\/em>, hasta otra de salida, <em>Solaris<\/em>, diferentes mitos e historias provenientes de la literatura, la memoria personal, la cultura popular y el cine. Con un centro de gravedad, La noche del cazador, los poemas, expuestos con un tono de cierta negrura, basculan entre el amor y la violencia, entre la fantas\u00eda y la memoria. Por el poemario pasean referencias literarias y cinematogr\u00e1ficas de autores como A.S. Byatt, Karel Capek, Nabokov, Stalislaw Lem, Boris Vian, Richar Lester o Charles Laughton.<\/p>\n<p>&nbsp;<\/p>\n<p><strong>F<\/strong><strong>rancisco Manuel Rodr\u00edguez (Autor)<\/strong><\/p>\n<p>Autor del poemario \u201cCiudad sin Nombre\u201d, Ediciones en Huida, 2015. Finalista del Premio Internacional de Poes\u00eda Jovellanos, Ediciones Nobel, 2015. Selecci\u00f3n de poemas publicados en la revista Nayagua, julio 2015, en la secci\u00f3n Poetas Emergentes. Ha coordinado la edici\u00f3n de varios libros ilustrados, de relatos, de investigaci\u00f3n social, de fotograf\u00edas, y manuales para diversas entidades como Junta de Andaluc\u00eda, Ayuntamiento de Sevilla o Fundaci\u00f3n Biodiversidad.<\/p>\n<p>&nbsp;<\/p>\n<p><strong>Eva Mar\u00eda Garc\u00eda (Ilustradora)<\/strong><\/p>\n<p>Ha expuesto su obra gr\u00e1fica en galer\u00edas y centros culturales. Ha sido directora de arte en videosclips musicales de artistas nacionales, cortometrajes y spots publicitarios. Ha participado en el dise\u00f1o de escenograf\u00edas y de vestuario para diversas compa\u00f1\u00edas de teatro, conocidas series de televisi\u00f3n y largometrajes con directores como Carlos Saura, Jos\u00e9 Luis Garci y Antonio Hern\u00e1ndez, entre otros.<\/p>\n<p>&nbsp;<\/p>\n<p><strong>M\u00f3nica Gracia (Actriz)<\/strong><\/p>\n<p>Diplomada \u00a0en \u00a0Arte \u00a0Dram\u00e1tico \u00a0por\u00a0 \u00a0la \u00a0escuela \u00a0de\u00a0 \u00a0teatro \u00a0de \u00a0Zaragoza \u00a0y\u00a0 \u00a0con\u00a0 \u00a0formaci\u00f3n complementaria de solfeo, canto, claqu\u00e9, teatro cl\u00e1sico, Clown, teatro griego y doblaje, ha trabajado en \u00a0Teatro: \u00a0<em>Recursos \u00a0Humanos \u00a0<\/em>(dir. \u00a0Eva Alarte), \u00a0<em>El \u00a0hotelito \u00a0<\/em>(dir. \u00a0Mara \u00a0Recatero), \u00a0<em>Humor \u00a0en femenino <\/em>(dir. M\u00aaJos\u00e9 Sarrate), <em>La venganza de Don Mendo <\/em>(dir. Manuel Gallardo), <em>La Tele que os pari\u00f3 <\/em>(Enric Rufas), <em>Pareja Abierta y Decamer\u00f3n desde el Caribe <\/em>(C\u00eda. M\u00e1scara Laroye), <em>El Lindo Don Diego <\/em>(dir. Paloma Moreno), <em>Estaci\u00f3n Sur <\/em>(dir. Guillermo Heras), <em>La vida es Sue\u00f1o <\/em>(C\u00eda. Calder\u00f3n \u00a0de \u00a0la \u00a0Barca),\u00a0 etc. \u00a0Cine: \u00a0<em>Tangernaci\u00f3n <\/em>(Jos\u00e9 \u00a0Ram\u00f3n \u00a0Da \u00a0Cruz), \u00a0<em>Enciende mi \u00a0pasi\u00f3n <\/em>(largom. J. L. Ganga), <em>Mujeres a flor de piel <\/em>(largom. P. Alexandrini), <em>Rincones del Para\u00edso <\/em>(largom. C. Moreira y P. Costa). Televisi\u00f3n: <em>Se\u00f1or\u00edo de Larrea <\/em>(serie, ETB2), <em>Robles investigador <\/em>(serie, TVE1), <em>Ocio Madrid <\/em>(prog. actualidad), etc. Actualmente forma parte del elenco de <em>Locos, locos, la fuga <\/em>(Teatro Arlequ\u00edn) y de <em>P\u00e1nico <\/em>(Sala Tarambana), sigue en el proceso de investigaci\u00f3n <em>Lazos temporales <\/em>(J.L. Carles y C. Palmese para la UAM).<\/p>\n<p>&nbsp;<\/p>\n<p><strong>G<\/strong><strong>uillermo Dorda (Actor y director)<\/strong><\/p>\n<p>Act\u00faa, dirige y escribe en espa\u00f1ol y franc\u00e9s. En teatro ha protagonizado entre otros <em>El burgu\u00e9s gentilhombre, Somnus Greco, P\u00e1nico, Kaos relativo, El Lindo don Diego, La dama Duende, Los desastres del dinero, La noche de los quijotes, Viva Quevedo, Otelo el moro, Espa\u00f1oles Franco a muerto \u00bfotra vez?, Sherlock Holmes, Perdidos en el limbo, Los chiquipandas, El libro de la selva, Acoso, La posadera, La comedia de la ilusiones, Don Juan Tenorio, Historias de amor, Tiempo del<\/em><\/p>\n<p><em>98, La vida es sue\u00f1o, La bella Dorotea, Ud. tiene ojos de mujer fatal. <\/em>En cine y televisi\u00f3n ha sido trabajado en <em>Centro m\u00e9dico, A\u00fan hay tiempo, Xtr\u00e1mboli. Lobos, Hospital central, Lorca + la luna, Se\u00f1or\u00edo de Larrea, La casa de los l\u00edos, El s\u00faper: Historias de todos los d\u00edas, Los ladrones van a la oficina\u2026 <\/em>Ha dirigido entre otras obras <em>Tripalio<\/em>, <em>La tele que os pari\u00f3, \u00bfJuegas?<\/em>, <em>El fetichista, El solicitante, La lecci\u00f3n<\/em>, <em>Ana en la playa&#8230; <\/em>Ha escrito entre otras <em>El funeral de Ramona Zurda, Gris, Fe<\/em>, <em>La prueba<\/em>, <em>Hola<\/em>, <em>Tal d\u00eda como hoy<\/em>, <em>Diferente, El rey de las nubes, Piano<\/em>, <em>Escucha, Maru, El encargo&#8230; <\/em>Se ha formado con Benito Zambrano, Jos\u00e9 Luis Alonso Santos, Denise Perkidis, Carmen Conesa, Maxi Rodr\u00edguez, Guillermo Heras, Juan Pedro Aguilar y Jorge Eines.<\/p>\n<p><img decoding=\"async\" class=\"aligncenter size-large wp-image-108\" src=\"https:\/\/clubdepoesia.com\/franciscomanuelrodriguez\/files\/2017\/04\/Presentaci\u00f3n-La-Noche-del-Cazador-en-la-Sala-Mirador_Page_1-724x1024.jpg\" alt=\"\" width=\"724\" height=\"1024\" srcset=\"https:\/\/clubdepoesia.com\/franciscomanuelrodriguez\/files\/2017\/04\/Presentaci\u00f3n-La-Noche-del-Cazador-en-la-Sala-Mirador_Page_1-724x1024.jpg 724w, https:\/\/clubdepoesia.com\/franciscomanuelrodriguez\/files\/2017\/04\/Presentaci\u00f3n-La-Noche-del-Cazador-en-la-Sala-Mirador_Page_1-212x300.jpg 212w, https:\/\/clubdepoesia.com\/franciscomanuelrodriguez\/files\/2017\/04\/Presentaci\u00f3n-La-Noche-del-Cazador-en-la-Sala-Mirador_Page_1-768x1087.jpg 768w, https:\/\/clubdepoesia.com\/franciscomanuelrodriguez\/files\/2017\/04\/Presentaci\u00f3n-La-Noche-del-Cazador-en-la-Sala-Mirador_Page_1-500x708.jpg 500w, https:\/\/clubdepoesia.com\/franciscomanuelrodriguez\/files\/2017\/04\/Presentaci\u00f3n-La-Noche-del-Cazador-en-la-Sala-Mirador_Page_1.jpg 992w\" sizes=\"(max-width: 724px) 100vw, 724px\" \/><img decoding=\"async\" class=\"aligncenter size-large wp-image-107\" src=\"https:\/\/clubdepoesia.com\/franciscomanuelrodriguez\/files\/2017\/04\/Presentaci\u00f3n-La-Noche-del-Cazador-en-la-Sala-Mirador_Page_2-724x1024.jpg\" alt=\"\" width=\"724\" height=\"1024\" srcset=\"https:\/\/clubdepoesia.com\/franciscomanuelrodriguez\/files\/2017\/04\/Presentaci\u00f3n-La-Noche-del-Cazador-en-la-Sala-Mirador_Page_2-724x1024.jpg 724w, https:\/\/clubdepoesia.com\/franciscomanuelrodriguez\/files\/2017\/04\/Presentaci\u00f3n-La-Noche-del-Cazador-en-la-Sala-Mirador_Page_2-212x300.jpg 212w, https:\/\/clubdepoesia.com\/franciscomanuelrodriguez\/files\/2017\/04\/Presentaci\u00f3n-La-Noche-del-Cazador-en-la-Sala-Mirador_Page_2-768x1087.jpg 768w, https:\/\/clubdepoesia.com\/franciscomanuelrodriguez\/files\/2017\/04\/Presentaci\u00f3n-La-Noche-del-Cazador-en-la-Sala-Mirador_Page_2-500x708.jpg 500w, https:\/\/clubdepoesia.com\/franciscomanuelrodriguez\/files\/2017\/04\/Presentaci\u00f3n-La-Noche-del-Cazador-en-la-Sala-Mirador_Page_2.jpg 1653w\" sizes=\"(max-width: 724px) 100vw, 724px\" \/><\/p>\n<p>&nbsp;<\/p>\n","protected":false},"excerpt":{"rendered":"<p>PRESENTACI\u00d3N DEL LIBRO DE POES\u00cdA ILUSTRADA &nbsp; LA NOCHE DEL CAZADOR Y OTROS CUENTOS En la Sala Mirador (Madrid) el s\u00e1bado 22 de abril a partir de las 12h del mediod\u00eda. EL QU\u00c9: &nbsp; Presentaci\u00f3n p\u00fablica del libro de poes\u00eda ilustrada La Noche del Cazador, Editorial Poes\u00eda Eres T\u00fa. El acto aunar\u00e1 lectura dramatizada de [&hellip;]<\/p>\n","protected":false},"author":24,"featured_media":76,"comment_status":"closed","ping_status":"closed","sticky":false,"template":"","format":"standard","meta":{"footnotes":"","_links_to":"","_links_to_target":""},"categories":[3],"tags":[],"class_list":["post-106","post","type-post","status-publish","format-standard","has-post-thumbnail","hentry","category-noticias"],"_links":{"self":[{"href":"https:\/\/clubdepoesia.com\/franciscomanuelrodriguez\/wp-json\/wp\/v2\/posts\/106","targetHints":{"allow":["GET"]}}],"collection":[{"href":"https:\/\/clubdepoesia.com\/franciscomanuelrodriguez\/wp-json\/wp\/v2\/posts"}],"about":[{"href":"https:\/\/clubdepoesia.com\/franciscomanuelrodriguez\/wp-json\/wp\/v2\/types\/post"}],"author":[{"embeddable":true,"href":"https:\/\/clubdepoesia.com\/franciscomanuelrodriguez\/wp-json\/wp\/v2\/users\/24"}],"replies":[{"embeddable":true,"href":"https:\/\/clubdepoesia.com\/franciscomanuelrodriguez\/wp-json\/wp\/v2\/comments?post=106"}],"version-history":[{"count":0,"href":"https:\/\/clubdepoesia.com\/franciscomanuelrodriguez\/wp-json\/wp\/v2\/posts\/106\/revisions"}],"wp:featuredmedia":[{"embeddable":true,"href":"https:\/\/clubdepoesia.com\/franciscomanuelrodriguez\/wp-json\/wp\/v2\/media\/76"}],"wp:attachment":[{"href":"https:\/\/clubdepoesia.com\/franciscomanuelrodriguez\/wp-json\/wp\/v2\/media?parent=106"}],"wp:term":[{"taxonomy":"category","embeddable":true,"href":"https:\/\/clubdepoesia.com\/franciscomanuelrodriguez\/wp-json\/wp\/v2\/categories?post=106"},{"taxonomy":"post_tag","embeddable":true,"href":"https:\/\/clubdepoesia.com\/franciscomanuelrodriguez\/wp-json\/wp\/v2\/tags?post=106"}],"curies":[{"name":"wp","href":"https:\/\/api.w.org\/{rel}","templated":true}]}}