{"id":9,"date":"2010-02-23T10:09:58","date_gmt":"2010-02-23T09:09:58","guid":{"rendered":"http:\/\/clubdepoesia.com\/anamariaolivares\/2010\/02\/23\/a-solas-con-selene\/"},"modified":"2018-07-08T21:36:15","modified_gmt":"2018-07-08T20:36:15","slug":"a-solas-con-selene","status":"publish","type":"post","link":"https:\/\/clubdepoesia.com\/anamariaolivares\/2010\/02\/23\/a-solas-con-selene\/","title":{"rendered":"A solas  con  Selene"},"content":{"rendered":"<p>La noche est\u00e1 silenciosa<\/p>\n<p>la luna en el cielo brilla,<\/p>\n<p>yo la busco temerosa,<\/p>\n<p>ella apenada me mira.<\/p>\n<p><em>&#8211; \u00bfQu\u00e9 te sucede mi ni\u00f1a?<\/em><\/p>\n<p><em>\u00bfQui\u00e9n borr\u00f3 de forma cruel<\/em><\/p>\n<p><em>la dulzura de tus ojos<\/em><\/p>\n<p><em>y el candor de tu sonrisa?<\/em><\/p>\n<p><em>\u00bfQu\u00e9 desatadas envidias,<\/em><\/p>\n<p><em>\u00a0rencores, hipocres\u00edas,<\/em><\/p>\n<p><em>\u00a0acechan en torno a ti<\/em><\/p>\n<p><em>y envuelven toda tu vida?<\/em><\/p>\n<p>&#8211; \u00a1Ay luna! Mi fiel amiga,<\/p>\n<p>compa\u00f1era de fatigas,<\/p>\n<p>cubre mi cuerpo esta noche<\/p>\n<p>con esa luz blanquecina<em>.<\/em><\/p>\n<p><em>&#8211; Cu\u00e9ntame de tu infortunio,<\/em><\/p>\n<p><em>yo te escucho complacida, mas\u2026<\/em><\/p>\n<p><em>no quiero que ni una l\u00e1grima<\/em><\/p>\n<p><em>resbale por tus mejillas.<\/em><\/p>\n<p><em>\u00a0Una vez ya te lo dije\u2026<\/em><\/p>\n<p><em>\u00a0\u201cNing\u00fan hombre se merece<\/em><\/p>\n<p><em>que llores por \u00e9l\u2026chiquilla\u201d.<\/em><\/p>\n<p><em>\u00a0Ahora serena ese rostro,<\/em><\/p>\n<p><em>\u00a0y sigue, sigue con tu letan\u00eda.<\/em><\/p>\n<p>&#8211; \u00a1Ay luna! Fue todo tan hermoso<\/p>\n<p>que en un cuento me cre\u00eda;<\/p>\n<p>mas yo siempre le preguntaba<\/p>\n<p>con sincera ingenuidad\u2026<\/p>\n<p>me mientes?&#8230;<\/p>\n<p><em>&#8211; \u00a1Claro que no! \u00a1C\u00f3mo podr\u00eda!<\/em><\/p>\n<p><em>\u00a0y alg\u00fan d\u00eda t\u00fa ser\u00e1s,<\/em><\/p>\n<p><em>\u00a0mi princesa\u2026s\u00f3lo m\u00eda.<\/em><\/p>\n<p>Sin embargo, algo oscuro,<\/p>\n<p>una sombra se cern\u00eda,<\/p>\n<p>la maldad hecha mujer<\/p>\n<p>se cruz\u00f3 en nuestras vidas.<\/p>\n<p>&#8211; \u00bfSer\u00e1 verdad que nac\u00ed<\/p>\n<p>para jam\u00e1s ser querida?<\/p>\n<p><em>&#8211; No digas eso, mi bien,<\/em><\/p>\n<p><em>\u00a0tu nobleza es infinita,<\/em><\/p>\n<p><em>\u00a0jam\u00e1s causaste da\u00f1o alguno<\/em><\/p>\n<p><em>ni a quien bien lo merec\u00eda.<\/em><\/p>\n<p><em>\u00a0Eres como una avecilla<\/em><\/p>\n<p><em>en una jaula metida,<\/em><\/p>\n<p><em>\u00a0o como esa bella rosa<\/em><\/p>\n<p><em>con afiladas espinas.<\/em><\/p>\n<p>&#8211; \u00bfSabes luna? Yo lo quise,<\/p>\n<p>y me entregu\u00e9 como nunca,<\/p>\n<p>y me desnud\u00e9 ante \u00e9l<\/p>\n<p>sin tapujos ni ataduras.<\/p>\n<p>Fueron tan s\u00f3lo unos d\u00edas,<\/p>\n<p>unas horas tan intensas,<\/p>\n<p>que jam\u00e1s las cambiar\u00eda<\/p>\n<p>por a\u00f1os de mi existencia.<\/p>\n<p>La pasi\u00f3n adormecida<\/p>\n<p>despert\u00f3 como un volc\u00e1n,<\/p>\n<p>vomitando con fiereza,<\/p>\n<p>fuego\u00a0 y tambi\u00e9n ceniza.<\/p>\n<p>T\u00fa, luna, fuiste testigo;<\/p>\n<p>desde el Cielo nos ve\u00edas.<\/p>\n<p>Yo me aferraba a su cuerpo<\/p>\n<p>y \u00e9l buscaba mis caricias,<\/p>\n<p>las manos entrelazadas,<\/p>\n<p>los besos que se perd\u00edan,<\/p>\n<p>jadeos que se escapaban<\/p>\n<p>cual tibia y suave brisa.<\/p>\n<p>&#8211; \u00bfMe quieres? Le preguntaba\u2026<\/p>\n<p><em>&#8211; Sabes que s\u00ed\u2026vida m\u00eda.<\/em><\/p>\n<p>Y yo miraba sus ojos<\/p>\n<p>y no hallaba la mentira.<\/p>\n<p><em>&#8211; \u00bfY qu\u00e9 pas\u00f3 ni\u00f1a m\u00eda?<\/em><\/p>\n<p><em>\u00a0Habla, no guardes nada en tu pecho.<\/em><\/p>\n<p><em>Deja que sangre la herida.<\/em><\/p>\n<p>&#8211; Todo acab\u00f3. Se march\u00f3.<\/p>\n<p>Yo contempl\u00e9 su partida.<\/p>\n<p>Y no quise escuchar a nadie<\/p>\n<p>ni tan siquiera a m\u00ed misma.<\/p>\n<p>Pas\u00f3 un tiempo y aquella sombra,<\/p>\n<p>aquella sombra maldita,<\/p>\n<p>hizo muy bien su trabajo<\/p>\n<p>sembrando ciza\u00f1a y mentira.<\/p>\n<p><em>&#8211; Pero dime\u2026\u00bf\u00e9l no te crey\u00f3?<\/em><\/p>\n<p>&#8211; No, mi luna, no me cre\u00eda,<\/p>\n<p>y empez\u00f3 a desconfiar<\/p>\n<p>de quien menos culpa ten\u00eda.<\/p>\n<p>Quise huir\u2026marcharme lejos,<\/p>\n<p>encontrar cualquier salida,<\/p>\n<p>tal vez, buscar en la muerte,<\/p>\n<p>\u00bfvalor? \u00bfo m\u00e1s bien la cobard\u00eda?<\/p>\n<p><em>&#8211; Calla, peque\u00f1a, eso nunca\u2026<\/em><\/p>\n<p><em>la vida es bien bonita,<\/em><\/p>\n<p><em>\u00a0y quien te ha tratado as\u00ed,<\/em><\/p>\n<p><em>\u00a0piensa que no te merec\u00eda.<\/em><\/p>\n<p>&#8211; No lo s\u00e9, ya no s\u00e9 nada\u2026<\/p>\n<p>tan s\u00f3lo que le quer\u00eda;<\/p>\n<p>que fui feliz a su lado<\/p>\n<p>y le di lo que ten\u00eda.<\/p>\n<p>Y si es pecado amar<\/p>\n<p>no siendo correspondida.<\/p>\n<p>Mea culpa, soy culpable,<\/p>\n<p>la culpa es toda m\u00eda.<\/p>\n<p><em>&#8211; Mi sensible y tierna ni\u00f1a.<\/em><\/p>\n<p><em>\u00a0Deja que mi n\u00edvea mano<\/em><\/p>\n<p><em>recoja esa perla l\u00edquida<\/em><\/p>\n<p><em>que resbala temerosa<\/em><\/p>\n<p><em>por tu p\u00e1lida mejilla.<\/em><\/p>\n<p><em>Yo s\u00e9 de tu fortaleza<\/em><\/p>\n<p><em>decisi\u00f3n y valent\u00eda,<\/em><\/p>\n<p><em>\u00a0mas si cierras esta puerta<\/em><\/p>\n<p><em>deja abierta una rendija.<\/em><\/p>\n","protected":false},"excerpt":{"rendered":"<p>La noche est\u00e1 silenciosa la luna en el cielo brilla, yo la busco temerosa, ella apenada me mira. &#8211; \u00bfQu\u00e9 te sucede mi ni\u00f1a? \u00bfQui\u00e9n borr\u00f3 de forma cruel la dulzura de tus ojos y el candor de tu sonrisa? \u00bfQu\u00e9 desatadas envidias, \u00a0rencores, hipocres\u00edas, \u00a0acechan en torno a ti y envuelven toda tu vida? [&hellip;]<\/p>\n","protected":false},"author":24,"featured_media":158,"comment_status":"closed","ping_status":"closed","sticky":false,"template":"","format":"standard","meta":{"footnotes":"","_links_to":"","_links_to_target":""},"categories":[1],"tags":[],"class_list":["post-9","post","type-post","status-publish","format-standard","has-post-thumbnail","hentry","category-uncategorized"],"_links":{"self":[{"href":"https:\/\/clubdepoesia.com\/anamariaolivares\/wp-json\/wp\/v2\/posts\/9","targetHints":{"allow":["GET"]}}],"collection":[{"href":"https:\/\/clubdepoesia.com\/anamariaolivares\/wp-json\/wp\/v2\/posts"}],"about":[{"href":"https:\/\/clubdepoesia.com\/anamariaolivares\/wp-json\/wp\/v2\/types\/post"}],"author":[{"embeddable":true,"href":"https:\/\/clubdepoesia.com\/anamariaolivares\/wp-json\/wp\/v2\/users\/24"}],"replies":[{"embeddable":true,"href":"https:\/\/clubdepoesia.com\/anamariaolivares\/wp-json\/wp\/v2\/comments?post=9"}],"version-history":[{"count":0,"href":"https:\/\/clubdepoesia.com\/anamariaolivares\/wp-json\/wp\/v2\/posts\/9\/revisions"}],"wp:featuredmedia":[{"embeddable":true,"href":"https:\/\/clubdepoesia.com\/anamariaolivares\/wp-json\/wp\/v2\/media\/158"}],"wp:attachment":[{"href":"https:\/\/clubdepoesia.com\/anamariaolivares\/wp-json\/wp\/v2\/media?parent=9"}],"wp:term":[{"taxonomy":"category","embeddable":true,"href":"https:\/\/clubdepoesia.com\/anamariaolivares\/wp-json\/wp\/v2\/categories?post=9"},{"taxonomy":"post_tag","embeddable":true,"href":"https:\/\/clubdepoesia.com\/anamariaolivares\/wp-json\/wp\/v2\/tags?post=9"}],"curies":[{"name":"wp","href":"https:\/\/api.w.org\/{rel}","templated":true}]}}