{"id":4,"date":"2010-02-23T10:05:55","date_gmt":"2010-02-23T09:05:55","guid":{"rendered":"http:\/\/clubdepoesia.com\/anamariaolivares\/?p=4"},"modified":"2018-07-08T21:32:50","modified_gmt":"2018-07-08T20:32:50","slug":"cuando-yo-ya-me-haya-ido","status":"publish","type":"post","link":"https:\/\/clubdepoesia.com\/anamariaolivares\/2010\/02\/23\/cuando-yo-ya-me-haya-ido\/","title":{"rendered":"Cuando yo ya me haya ido"},"content":{"rendered":"<p>Cuando yo ya me haya ido,<\/p>\n<p>cuando ya no est\u00e9 en la Tierra,<\/p>\n<p>cuando mi esp\u00edritu vague<\/p>\n<p>errante entre la niebla;<\/p>\n<p>no quiero que nadie llore<\/p>\n<p>falsas l\u00e1grimas de pena<\/p>\n<p>ni quiero que las beatas<\/p>\n<p>murmuren\u2026\u00a1qu\u00e9 buena era!<\/p>\n<p>no quiero misas ni rezos<\/p>\n<p>que contengan palabras huecas,<\/p>\n<p>ni fotos, ni flores\u2026nada\u2026<\/p>\n<p>nada que adorne la fr\u00eda piedra.<\/p>\n<p>No quiero que vistan negros lutos,<\/p>\n<p>ya los tuve de peque\u00f1a\u2026<\/p>\n<p>y de nada me sirvieron;<\/p>\n<p>cuando partes\u2026no regresas.<\/p>\n<p>Quiero que se me recuerde<\/p>\n<p>pluma en mano\u2026ante un albo papel<\/p>\n<p>escribiendo alg\u00fan poema,<\/p>\n<p>con la mirada perdida<\/p>\n<p>en una tarde serena.<\/p>\n<p>Quiero que se me recuerde<\/p>\n<p>como una mujer que am\u00f3<\/p>\n<p>con pasi\u00f3n\u2026con total entrega,<\/p>\n<p>y nunca caus\u00f3 da\u00f1o alguno<\/p>\n<p>aunque nadie la creyera.<\/p>\n<p>Quiero que se me recuerde<\/p>\n<p>volando libre\u2026como un ave,<\/p>\n<p>sin ataduras ni rejas;<\/p>\n<p>un alma que busc\u00f3 incansable<\/p>\n<p>el amor a manos llenas.<\/p>\n<p>Quiero que mi legado sea<\/p>\n<p>una vida de experiencias,<\/p>\n<p>donde tuvo su cuna el dolor<\/p>\n<p>mas tambi\u00e9n el placer y la belleza.<\/p>\n<p>Cuando los a\u00f1os transcurran,<\/p>\n<p>cuando ya nadie se acuerde<\/p>\n<p>de aquella infeliz mujer<\/p>\n<p>que esperaba temerosa<\/p>\n<p>una eterna primavera\u2026<\/p>\n<p>alguien en alg\u00fan lugar<\/p>\n<p>encontrar\u00e1 una nimia libreta<\/p>\n<p>y en ella recorrer\u00e1<\/p>\n<p>verso a verso\u2026su vida entera.<\/p>\n<p>Quiero al fin que mis cenizas<\/p>\n<p>duerman en aquella tierra<\/p>\n<p>donde una vez fui feliz<\/p>\n<p>\u2026donde vivi\u00f3 mi poeta.<\/p>\n<p>Que el viento haga con ellas<\/p>\n<p>remolinos de quimeras;<\/p>\n<p>corre viento, no te detengas,<\/p>\n<p>conc\u00e9deme\u00a0 la paz eterna.<\/p>\n<p>Y quien quiera que me busque<\/p>\n<p>en tu orilla Duero\u2026en tu ribera,<\/p>\n<p>en tu dorado paisaje,<\/p>\n<p>en los \u00e1lamos\u2026en las estrellas.<\/p>\n","protected":false},"excerpt":{"rendered":"<p>Cuando yo ya me haya ido, cuando ya no est\u00e9 en la Tierra, cuando mi esp\u00edritu vague errante entre la niebla; no quiero que nadie llore falsas l\u00e1grimas de pena ni quiero que las beatas murmuren\u2026\u00a1qu\u00e9 buena era! no quiero misas ni rezos que contengan palabras huecas, ni fotos, ni flores\u2026nada\u2026 nada que adorne la [&hellip;]<\/p>\n","protected":false},"author":24,"featured_media":162,"comment_status":"closed","ping_status":"closed","sticky":false,"template":"","format":"standard","meta":{"footnotes":"","_links_to":"","_links_to_target":""},"categories":[1],"tags":[],"class_list":["post-4","post","type-post","status-publish","format-standard","has-post-thumbnail","hentry","category-uncategorized"],"_links":{"self":[{"href":"https:\/\/clubdepoesia.com\/anamariaolivares\/wp-json\/wp\/v2\/posts\/4","targetHints":{"allow":["GET"]}}],"collection":[{"href":"https:\/\/clubdepoesia.com\/anamariaolivares\/wp-json\/wp\/v2\/posts"}],"about":[{"href":"https:\/\/clubdepoesia.com\/anamariaolivares\/wp-json\/wp\/v2\/types\/post"}],"author":[{"embeddable":true,"href":"https:\/\/clubdepoesia.com\/anamariaolivares\/wp-json\/wp\/v2\/users\/24"}],"replies":[{"embeddable":true,"href":"https:\/\/clubdepoesia.com\/anamariaolivares\/wp-json\/wp\/v2\/comments?post=4"}],"version-history":[{"count":0,"href":"https:\/\/clubdepoesia.com\/anamariaolivares\/wp-json\/wp\/v2\/posts\/4\/revisions"}],"wp:featuredmedia":[{"embeddable":true,"href":"https:\/\/clubdepoesia.com\/anamariaolivares\/wp-json\/wp\/v2\/media\/162"}],"wp:attachment":[{"href":"https:\/\/clubdepoesia.com\/anamariaolivares\/wp-json\/wp\/v2\/media?parent=4"}],"wp:term":[{"taxonomy":"category","embeddable":true,"href":"https:\/\/clubdepoesia.com\/anamariaolivares\/wp-json\/wp\/v2\/categories?post=4"},{"taxonomy":"post_tag","embeddable":true,"href":"https:\/\/clubdepoesia.com\/anamariaolivares\/wp-json\/wp\/v2\/tags?post=4"}],"curies":[{"name":"wp","href":"https:\/\/api.w.org\/{rel}","templated":true}]}}