{"id":212,"date":"2018-07-08T21:44:44","date_gmt":"2018-07-08T20:44:44","guid":{"rendered":"https:\/\/clubdepoesia.com\/anamariaolivares\/?p=212"},"modified":"2018-07-08T21:51:25","modified_gmt":"2018-07-08T20:51:25","slug":"manana-se-presenta-escrito-en-la-memoria-de-ana-maria-olivares-7-dias-jumilla","status":"publish","type":"post","link":"https:\/\/clubdepoesia.com\/anamariaolivares\/2018\/07\/08\/manana-se-presenta-escrito-en-la-memoria-de-ana-maria-olivares-7-dias-jumilla\/","title":{"rendered":"Ma\u00f1ana se presenta: Escrito en la memoria de Ana Mar\u00eda Olivares. 7 d\u00edas Jumilla."},"content":{"rendered":"<p><a href=\"https:\/\/clubdepoesia.com\/anamariaolivares\/files\/2018\/07\/SIetediasjumilla.jpg\"><img fetchpriority=\"high\" decoding=\"async\" class=\"aligncenter size-full wp-image-213\" src=\"https:\/\/clubdepoesia.com\/anamariaolivares\/files\/2018\/07\/SIetediasjumilla.jpg\" alt=\"\" width=\"2472\" height=\"2318\" srcset=\"https:\/\/clubdepoesia.com\/anamariaolivares\/files\/2018\/07\/SIetediasjumilla.jpg 2472w, https:\/\/clubdepoesia.com\/anamariaolivares\/files\/2018\/07\/SIetediasjumilla-300x281.jpg 300w, https:\/\/clubdepoesia.com\/anamariaolivares\/files\/2018\/07\/SIetediasjumilla-768x720.jpg 768w, https:\/\/clubdepoesia.com\/anamariaolivares\/files\/2018\/07\/SIetediasjumilla-1024x960.jpg 1024w\" sizes=\"(max-width: 2472px) 100vw, 2472px\" \/><\/a><\/p>\n","protected":false},"excerpt":{"rendered":"","protected":false},"author":24,"featured_media":213,"comment_status":"closed","ping_status":"closed","sticky":false,"template":"","format":"standard","meta":{"footnotes":"","_links_to":"","_links_to_target":""},"categories":[1],"tags":[],"class_list":["post-212","post","type-post","status-publish","format-standard","has-post-thumbnail","hentry","category-uncategorized"],"_links":{"self":[{"href":"https:\/\/clubdepoesia.com\/anamariaolivares\/wp-json\/wp\/v2\/posts\/212","targetHints":{"allow":["GET"]}}],"collection":[{"href":"https:\/\/clubdepoesia.com\/anamariaolivares\/wp-json\/wp\/v2\/posts"}],"about":[{"href":"https:\/\/clubdepoesia.com\/anamariaolivares\/wp-json\/wp\/v2\/types\/post"}],"author":[{"embeddable":true,"href":"https:\/\/clubdepoesia.com\/anamariaolivares\/wp-json\/wp\/v2\/users\/24"}],"replies":[{"embeddable":true,"href":"https:\/\/clubdepoesia.com\/anamariaolivares\/wp-json\/wp\/v2\/comments?post=212"}],"version-history":[{"count":0,"href":"https:\/\/clubdepoesia.com\/anamariaolivares\/wp-json\/wp\/v2\/posts\/212\/revisions"}],"wp:featuredmedia":[{"embeddable":true,"href":"https:\/\/clubdepoesia.com\/anamariaolivares\/wp-json\/wp\/v2\/media\/213"}],"wp:attachment":[{"href":"https:\/\/clubdepoesia.com\/anamariaolivares\/wp-json\/wp\/v2\/media?parent=212"}],"wp:term":[{"taxonomy":"category","embeddable":true,"href":"https:\/\/clubdepoesia.com\/anamariaolivares\/wp-json\/wp\/v2\/categories?post=212"},{"taxonomy":"post_tag","embeddable":true,"href":"https:\/\/clubdepoesia.com\/anamariaolivares\/wp-json\/wp\/v2\/tags?post=212"}],"curies":[{"name":"wp","href":"https:\/\/api.w.org\/{rel}","templated":true}]}}