{"id":94,"date":"2012-01-04T09:50:00","date_gmt":"2012-01-04T09:50:00","guid":{"rendered":"http:\/\/clubdepoesia.com\/albertogomezvaquero\/?guid=7bcc4794ce490afb3f932887901ab68f"},"modified":"2012-01-04T09:50:00","modified_gmt":"2012-01-04T09:50:00","slug":"quien-tiene-la-culpa-de-la-crisis","status":"publish","type":"post","link":"https:\/\/clubdepoesia.com\/albertogomezvaquero\/2012\/01\/04\/quien-tiene-la-culpa-de-la-crisis\/","title":{"rendered":"\u00bfQui\u00e9n tiene la culpa de la crisis?"},"content":{"rendered":"<div style=\"text-align: justify;\">Hay un mantra que se repite cada poco tiempo en medios de comunicaci\u00f3n &#8211; esta misma ma\u00f1ana he vuelto a&nbsp;o\u00edrlo&nbsp;en la SER &#8211; &nbsp;y en m\u00edtines pol\u00edticos: &#8220;hemos vivido por encima de nuestras posibilidades&#8221;. Un mantra que viene a decir que esta crisis es culpa nuestra y que por eso debemos ser nosotros los que la paguemos.<\/div>\n<div style=\"text-align: justify;\"><\/div>\n<div style=\"text-align: justify;\">No niego que muchos se pasaron con eso del vivir a cr\u00e9dito. Crey\u00e9ndose clase alta cuando no eran ni media, muchos hipotecaron su futuro y creyeron poder pagarlo con un sueldo de currela est\u00e1ndar y a cuarenta a\u00f1os. Y s\u00ed, los bancos pusieron muy f\u00e1cil caer en la trampa, pero los que ca\u00edmos fuimos nosotros.<\/div>\n<div style=\"text-align: justify;\"><\/div>\n<div style=\"text-align: justify;\">Pero m\u00e1s all\u00e1 de eso, Espa\u00f1a es uno de los pa\u00edses donde m\u00e1s impuestos se pagan &#8211; estamos ya por encima de Dinarmaca y muy cerca de Suecia con la \u00faltima subida del IRPF &#8211; y donde, sin embargo, peor funcionan los servicios p\u00fablicos y m\u00e1s se ponen en duda. Resulta parad\u00f3jico que siendo de los pa\u00edses que m\u00e1s presupuesto p\u00fablico manejan, sea tambi\u00e9n de los que m\u00e1s dificultades tiene para pagar sus deudas y mantener su sistema de bienestar.<\/div>\n<div style=\"text-align: justify;\"><\/div>\n<div style=\"text-align: justify;\">Quiz\u00e1s los trabajadores ca\u00edmos en la trampa del cr\u00e9dito f\u00e1cil, &nbsp;pero fueron las administraciones las que se pulieron nuestros impuestos en aeropuertos desde los que no vuela nadie, embajadas auton\u00f3micas, coches oficiales, regalos fiscales a las grandes empresas, pr\u00e9stamos a los bancos, etc., una ingente cantidad de dinero que, llegadas las vacas flacas, hubiera venido muy bien para ayudar a los parados, impulsar la econom\u00eda y mantener intacto el sistema de bienestar. Y tambi\u00e9n fueron esas administraciones &#8211; aunque Rubalcaba diga lo contrario &#8211; las que no movieron un dedo para luchar contra una econom\u00eda sumergida que seg\u00fan los c\u00e1lculos de la Universidad Pomepu i Fabra representa el 25% (\u00a1\u00a1un cuarto!!) del PIB del pa\u00eds.<\/div>\n<div style=\"text-align: justify;\"><\/div>\n<div style=\"text-align: justify;\">Adem\u00e1s, vivir por encima de nuestras posibilidades hubiera supuesto que el salario m\u00ednimo hubiera aumentado a la par que la&nbsp;inflaci\u00f3n, cosa que no sucedi\u00f3. M\u00e1s bien al contrario: en 2003 los trabajadores que cobraban el salario m\u00ednimo ten\u00edan el mismo poder adquisitivo que un trabajador de 1975. Igualmente, los beneficios empresariales en Espa\u00f1a crecieron durante el periodo 1999-2005 un 73%, mientras que los costes laborales aumentaron s\u00f3lo un 3,7%.&nbsp;<\/div>\n<div style=\"text-align: justify;\"><\/div>\n<div style=\"text-align: justify;\">A todo esto habr\u00eda que a\u00f1adir las veces que se ha bajado el IRPF a los salarios m\u00e1s altos, la desaparici\u00f3n durante a\u00f1os del Impuesto de Patrimonio, el 1% al que tributan las SICAV, el aumento del salario a los directivos de bancos, el aumento del impuesto menos progresivo que hay (el IVA), etc., etc.&nbsp;<\/div>\n<div style=\"text-align: justify;\"><\/div>\n<div style=\"text-align: justify;\">Con estos datos delante, \u00bfQui\u00e9n ha estado viviendo por encima de sus posibilidades? \u00bfQui\u00e9n se ha estado forrando? A m\u00ed me parece que han sido los mismos que ahora&nbsp;echan la culpa de todo a los trabajadores, dici\u00e9ndoles que deben apretarse m\u00e1s el cintur\u00f3n. Que tienen que cobrar menos y trabajar m\u00e1s. Que se acab\u00f3 la fiesta, como dijo el presidente de la CEOE, quien supongo que cree que estos a\u00f1os en lugar de trabajando por mil euros, hemos estado bailando en la cubierta de un yate en Marbella.<\/div>\n<div style=\"text-align: justify;\"><\/div>\n<div style=\"text-align: justify;\">Claro, que en una cosa s\u00ed tienen raz\u00f3n: la culpa es nuestra. Somos nosotros los que seguimos votando a los mismos pol\u00edticos serviles con el poder econ\u00f3mico, a los mismos caciques corruptos que s\u00f3lo buscan enriquecerse, los que prestamos o\u00eddos a los medios de comunicaci\u00f3n integrados en multinacionales o, directamente, en fondos de inversi\u00f3n (\u00bfVerdad, directivos de El Pa\u00eds?) los que no realizamos ninguna cr\u00edtica al partido de &#8220;los nuestros&#8221; sin darnos cuenta de que, en realidad, esos partidos s\u00f3lo representan a los &#8220;suyos&#8221;, los que somos incapaces, en suma, de articular una alternativa social y pol\u00edtica que cambie el poder pol\u00edtico y reparta mejor las riquezas de un pa\u00eds que, no nos enga\u00f1emos, no es pobre. Y si nos os lo&nbsp;cre\u00e9is, preguntaros por qu\u00e9 mientras en 2011 las matriculaciones de coches normales cayeron hasta cifras de 1993, la venta de coches de lujo casi se duplic\u00f3 respecto al 2010.<\/div>\n<div style=\"text-align: justify;\"><\/div>\n<div style=\"text-align: justify;\">Riqueza hay. Lo que no est\u00e1 es bien repartida.<\/div>\n<div style=\"text-align: justify;\"><\/div>\n<div style=\"text-align: justify;\">As\u00ed que no, no hemos vivido por encima de nuestras posibilidades. Pero s\u00ed, la culpa es nuestra. Por ser incapaces de mantener una actitud cr\u00edtica ante un poder que no s\u00f3lo desea convertirnos en trabajadores empobrecidos y mudos, sino que encima desea que le demos las gracias por ello.&nbsp;<\/div>\n<div class=\"blogger-post-footer\"><img width='1' height='1' src='https:\/\/blogger.googleusercontent.com\/tracker\/15543049-5479475372009054495?l=delibertad.blogspot.com' alt='' \/><\/div>\n","protected":false},"excerpt":{"rendered":"<p>Hay un mantra que se repite cada poco tiempo en medios de comunicaci\u00f3n &#8211; esta misma ma\u00f1ana he vuelto a&nbsp;o\u00edrlo&nbsp;en la SER &#8211; &nbsp;y en m\u00edtines pol\u00edticos: &#8220;hemos vivido por encima de nuestras posibilidades&#8221;. Un mantra que viene a decir que e&#8230;<\/p>\n","protected":false},"author":11,"featured_media":0,"comment_status":"closed","ping_status":"closed","sticky":false,"template":"","format":"standard","meta":{"footnotes":"","_links_to":"","_links_to_target":""},"categories":[3988,3992,3986,3859,3990,3987,3991,3989],"tags":[],"class_list":["post-94","post","type-post","status-publish","format-standard","hentry","category-capitalismo","category-crisis","category-economia","category-ediciones-resaca","category-politica","category-politicos","category-trabajadores","category-trabajo"],"_links":{"self":[{"href":"https:\/\/clubdepoesia.com\/albertogomezvaquero\/wp-json\/wp\/v2\/posts\/94","targetHints":{"allow":["GET"]}}],"collection":[{"href":"https:\/\/clubdepoesia.com\/albertogomezvaquero\/wp-json\/wp\/v2\/posts"}],"about":[{"href":"https:\/\/clubdepoesia.com\/albertogomezvaquero\/wp-json\/wp\/v2\/types\/post"}],"author":[{"embeddable":true,"href":"https:\/\/clubdepoesia.com\/albertogomezvaquero\/wp-json\/wp\/v2\/users\/11"}],"replies":[{"embeddable":true,"href":"https:\/\/clubdepoesia.com\/albertogomezvaquero\/wp-json\/wp\/v2\/comments?post=94"}],"version-history":[{"count":0,"href":"https:\/\/clubdepoesia.com\/albertogomezvaquero\/wp-json\/wp\/v2\/posts\/94\/revisions"}],"wp:attachment":[{"href":"https:\/\/clubdepoesia.com\/albertogomezvaquero\/wp-json\/wp\/v2\/media?parent=94"}],"wp:term":[{"taxonomy":"category","embeddable":true,"href":"https:\/\/clubdepoesia.com\/albertogomezvaquero\/wp-json\/wp\/v2\/categories?post=94"},{"taxonomy":"post_tag","embeddable":true,"href":"https:\/\/clubdepoesia.com\/albertogomezvaquero\/wp-json\/wp\/v2\/tags?post=94"}],"curies":[{"name":"wp","href":"https:\/\/api.w.org\/{rel}","templated":true}]}}