{"id":759,"date":"2015-04-28T07:40:00","date_gmt":"2015-04-28T07:40:00","guid":{"rendered":"https:\/\/clubdepoesia.com\/albertogomezvaquero\/?guid=cfe9a06f560e699b9720318410788523"},"modified":"2015-04-28T09:34:17","modified_gmt":"2015-04-28T09:34:17","slug":"critica-y-contracritica-2","status":"publish","type":"post","link":"https:\/\/clubdepoesia.com\/albertogomezvaquero\/2015\/04\/28\/critica-y-contracritica-2\/","title":{"rendered":"Cr\u00edtica y contracritica"},"content":{"rendered":"<div style=\"text-align: justify;\">Ayer se public\u00f3 una rese\u00f1a nueva de &#8220;Concerto Solli&#8221;, esta vez en Literaria Comunicaci\u00f3n. La pod\u00e9is ver <a href=\"http:\/\/literariacomunicacion.com\/2015\/04\/27\/concerto-solli-de-nacho-cuenca\/\">aqu\u00ed<\/a>.<\/div>\n<div style=\"text-align: justify;\"><\/div>\n<div style=\"text-align: justify;\">Aunque cierta persona me ha dicho que la rese\u00f1a no le parece mala, a m\u00ed me ha dejado cierto regusto amargo. Sobre todo, dos partes de ella. La primera la que dice: &#8220;a excepci\u00f3n de algunas erratas o faltas ortogr\u00e1ficas&#8221;. Lo de las erratas va con la profesi\u00f3n, pero lo de las faltas me llega al alma, \u00a1porque mira que he corregido veces la novela!<\/div>\n<div style=\"text-align: justify;\"><\/div>\n<div style=\"text-align: justify;\">La segunda parte que m\u00e1s amarga me ha resultado, al leerla, ha sido la que dice: &#8220;La narraci\u00f3n pierde frescura porque Alberto G\u00f3mez da preeminencia a la narraci\u00f3n frente al di\u00e1logo; prefiere los soliloquios, las reflexiones internas de su protagonista, plagados de citas literarias y filos\u00f3ficas con las que intenta justificar el acontecer de la historia&#8221;<\/div>\n<div style=\"text-align: justify;\"><\/div>\n<div style=\"text-align: justify;\">Esta parte se me hace amarga porque, sinceramente, no puedo compartir el an\u00e1lisis. Eso puede ser cierto para la primera parte (de cinco) del libro, pero la parte dos y tres son narraciones en las que el estilo cambia completamente (la segunda es casi un cuento, la tercera tiene algo de <i>bildung roman<\/i>) y la cuarta es un ejercicio de reconstrucci\u00f3n basado, fundamentalmente, en el di\u00e1logo, en la entrevista.<\/div>\n<div style=\"text-align: justify;\"><\/div>\n<div style=\"text-align: justify;\">Es precisamente ese comentario el que me lleva a pensar que Sara Roma ha hecho la cr\u00edtica bas\u00e1ndose s\u00f3lo en la primera parte del libro, que s\u00ed obedece a todo lo que ella se\u00f1ala: seriedad, reflexi\u00f3n, poco di\u00e1logo y mucho mon\u00f3logo, cr\u00edtica social, etc. Algo que puede atribuirse, tambi\u00e9n, a un dem\u00e9rito m\u00edo, por no haber sido capaz de captar su atenci\u00f3n lo suficiente como para que siga. Pero que, por otro lado, ella deber\u00eda haber apuntado.<\/div>\n<div style=\"text-align: justify;\"><\/div>\n<div style=\"text-align: justify;\">En cualquier caso, dos rese\u00f1as p\u00fablicas de Concerto Solli: <a href=\"http:\/\/delibertad.blogspot.com.es\/2015\/02\/resena-de-concerto-solli.html\">una muy halagadora<\/a> y otra no tanto. O sea, la vida.<\/p>\n<p>P.S: Releo la cr\u00edtica y me encuentro con esto &#8220;no es una novela optimista, m\u00e1s bien demasiado seria para alguien tan joven&#8221;. Y me pregunto, \u00bfa qu\u00e9 edad podr\u00e9 comenzar a hacer novelas serias? \u00bfA los cuarenta, a los cuarenta y cinco? Y s\u00ed, por supuesto, esto es una broma. Entiendo lo que quiere decir: que de alguien de treinta a\u00f1os se espera otro tipo de novela. La parte cinco es todo sexo, drogas y rock and roll. Supongo que, por ello, m\u00e1s juvenil. Lo que me vuelve a hacer pensar que la rese\u00f1a enlazada es s\u00f3lo la cr\u00edtica de la parte I del libro.&nbsp;<\/p><\/div>\n<p><img decoding=\"async\" src=\"http:\/\/feeds.feedburner.com\/~r\/DeLibertadElBlogDeAlbertoGmezVaquero\/~4\/MIipjINWEYY\" height=\"1\" width=\"1\" alt=\"\"\/><\/p>\n","protected":false},"excerpt":{"rendered":"<div>Ayer se public&oacute; una rese&ntilde;a nueva de &#8220;Concerto Solli&#8221;, esta vez en Literaria Comunicaci&oacute;n. La pod&eacute;is ver <a href=\"http:\/\/literariacomunicacion.com\/2015\/04\/27\/concerto-solli-de-nacho-cuenca\/\">aqu&iacute;<\/a>.<\/div>\n<div><\/div>\n<div>Aunque cierta persona me ha dicho que la rese&ntilde;a no le parece mala, a m&iacute; me ha dejado cierto regusto amargo. Sobre todo, dos partes de ella. La primera la que dice: &#8220;a excepci&oacute;n de algunas erratas o faltas ortogr&aacute;ficas&#8221;. Lo de las erratas va con la profesi&oacute;n, pero lo de las faltas me llega al alma, &iexcl;porque mira que he corregido veces la novela!<\/div>\n<div><\/div>\n<div>La segunda parte que m&aacute;s amarga me ha resultado, al leerla, ha sido la que dice: &#8220;La narraci&oacute;n pierde frescura porque Alberto G&oacute;mez da preeminencia a la narraci&oacute;n frente al di&aacute;logo; prefiere los soliloquios, las reflexiones internas de su protagonista, plagados de citas literarias y filos&oacute;ficas con las que intenta justificar el acontecer de la historia&#8221;<\/div>\n<div><\/div>\n<div>Esta parte se me hace amarga porque, sinceramente, no puedo compartir el an&aacute;lisis. Eso puede ser cierto para la primera parte (de cinco) del libro, pero la parte dos y tres son narraciones en las que el estilo cambia completamente (la segunda es casi un cuento, la tercera tiene algo de <i>bildung roman<\/i>) y la cuarta es un ejercicio de reconstrucci&oacute;n basado, fundamentalmente, en el di&aacute;logo, en la entrevista.<\/div>\n<div><\/div>\n<div>Es precisamente ese comentario el que me lleva a pensar que Sara Roma ha hecho la cr&iacute;tica bas&aacute;ndose s&oacute;lo en la primera parte del libro, que s&iacute; obedece a todo lo que ella se&ntilde;ala: seriedad, reflexi&oacute;n, poco di&aacute;logo y mucho mon&oacute;logo, cr&iacute;tica social, etc. Algo que puede atribuirse, tambi&eacute;n, a un dem&eacute;rito m&iacute;o, por no haber sido capaz de captar su atenci&oacute;n lo suficiente como para que siga. Pero que, por otro lado, ella deber&iacute;a haber apuntado.<\/div>\n<div><\/div>\n<div>En cualquier caso, dos rese&ntilde;as p&uacute;blicas de Concerto Solli: <a href=\"http:\/\/delibertad.blogspot.com.es\/2015\/02\/resena-de-concerto-solli.html\">una muy halagadora<\/a> y otra no tanto. O sea, la vida.<\/p>\n<p>P.S: Releo la cr&iacute;tica y me encuentro con esto &#8220;no es una novela optimista, m&aacute;s bien demasiado seria para alguien tan joven&#8221;. Y me pregunto, &iquest;a qu&eacute; edad podr&eacute; comenzar a hacer novelas serias? &iquest;A los cuarenta, a los cuarenta y cinco? Y s&iacute;, por supuesto, esto es una broma. Entiendo lo que quiere decir: que de alguien de treinta a&ntilde;os se espera otro tipo de novela. La parte cinco es todo sexo, drogas y rock and roll. Supongo que, por ello, m&aacute;s juvenil. Lo que me vuelve a hacer pensar que la rese&ntilde;a enlazada es s&oacute;lo la cr&iacute;tica de la parte I del libro.&nbsp;<\/p><\/div>\n<p><img decoding=\"async\" src=\"http:\/\/feeds.feedburner.com\/~r\/DeLibertadElBlogDeAlbertoGmezVaquero\/~4\/MIipjINWEYY\" height=\"1\" width=\"1\" alt=\"\"><\/p>\n","protected":false},"author":24,"featured_media":0,"comment_status":"closed","ping_status":"closed","sticky":false,"template":"","format":"standard","meta":{"footnotes":"","_links_to":"","_links_to_target":""},"categories":[5479,3859],"tags":[],"class_list":["post-759","post","type-post","status-publish","format-standard","hentry","category-concerto-solli","category-ediciones-resaca"],"_links":{"self":[{"href":"https:\/\/clubdepoesia.com\/albertogomezvaquero\/wp-json\/wp\/v2\/posts\/759","targetHints":{"allow":["GET"]}}],"collection":[{"href":"https:\/\/clubdepoesia.com\/albertogomezvaquero\/wp-json\/wp\/v2\/posts"}],"about":[{"href":"https:\/\/clubdepoesia.com\/albertogomezvaquero\/wp-json\/wp\/v2\/types\/post"}],"author":[{"embeddable":true,"href":"https:\/\/clubdepoesia.com\/albertogomezvaquero\/wp-json\/wp\/v2\/users\/24"}],"replies":[{"embeddable":true,"href":"https:\/\/clubdepoesia.com\/albertogomezvaquero\/wp-json\/wp\/v2\/comments?post=759"}],"version-history":[{"count":0,"href":"https:\/\/clubdepoesia.com\/albertogomezvaquero\/wp-json\/wp\/v2\/posts\/759\/revisions"}],"wp:attachment":[{"href":"https:\/\/clubdepoesia.com\/albertogomezvaquero\/wp-json\/wp\/v2\/media?parent=759"}],"wp:term":[{"taxonomy":"category","embeddable":true,"href":"https:\/\/clubdepoesia.com\/albertogomezvaquero\/wp-json\/wp\/v2\/categories?post=759"},{"taxonomy":"post_tag","embeddable":true,"href":"https:\/\/clubdepoesia.com\/albertogomezvaquero\/wp-json\/wp\/v2\/tags?post=759"}],"curies":[{"name":"wp","href":"https:\/\/api.w.org\/{rel}","templated":true}]}}