{"id":608,"date":"2015-03-13T08:11:00","date_gmt":"2015-03-13T08:11:00","guid":{"rendered":"http:\/\/clubdepoesia.com\/albertogomezvaquero\/?guid=874dedac001ed4ee49460bb92687476d"},"modified":"2015-03-13T08:18:05","modified_gmt":"2015-03-13T08:18:05","slug":"simbolos-nacionales-2","status":"publish","type":"post","link":"https:\/\/clubdepoesia.com\/albertogomezvaquero\/2015\/03\/13\/simbolos-nacionales-2\/","title":{"rendered":"S\u00edmbolos \u00bfnacionales?"},"content":{"rendered":"<div style=\"text-align: justify;\">Con la en\u00e9sima final de copa entre Athletic y Barcelona vuelve a aparecer en el debate el m\u00e1s que probable pitido al Himno Nacional cuando suene al comienzo de la final. Hay quien dice (los que siempre son muy sensibles a estas cosas y muy pocos a que sus amados l\u00edderes evadan impuestos) que deber\u00eda anularse la final en caso de que tales pitidos se produzcan y se\u00f1alan a Sarkozy, llenos de ira y envidia, quien anul\u00f3 un partido cuando la afici\u00f3n tunecina pit\u00f3 la Marsellesa.&nbsp;<\/div>\n<div style=\"text-align: justify;\"><\/div>\n<div style=\"text-align: justify;\">Hay, incluso, quien distribuye una foto de 1940 con los jugadores de ambos equipos, Athletic y Bar\u00e7a, en una final similar, levantando el brazo en el medio del campo en el, entonces habitual, saludo fascista. Que uno se pregunta qu\u00e9 valor puede tener tal foto que habr\u00eda sido id\u00e9ntica de haber sido jugada la final por el Betis y el Valladolid, o por el Rayo y el Osasuna. \u00bfTienen envidia a lo mejor de aquella uniformidad aparente, de aquel &#8220;prietas las filas&#8221; que el miedo impon\u00eda?<\/div>\n<div style=\"text-align: justify;\"><\/div>\n<div style=\"text-align: justify;\">A m\u00ed, personalmente, que piten el Himno o no me la trae bastante al pairo. No es que no sea patriota, es que, como le pasa a mucha gente, soy incapaz de identificarme con ese Himno. Y tal vez sea \u00e9se el <i>quid<\/i> de la cuesti\u00f3n: \u00bfHasta qu\u00e9 punto se pueden llamar &#8220;Nacionales&#8221; a unos s\u00edmbolos por los que buena parte de la poblaci\u00f3n no s\u00f3lo siente indiferencia sino, en algunos casos, repugnancia? \u00bfHasta qu\u00e9 punto cuando tales s\u00edmbolos han sido aprobados hace ya m\u00e1s de una generaci\u00f3n y en un contexto de coacci\u00f3n post-dictatorial?&nbsp;<\/div>\n<div style=\"text-align: justify;\"><\/div>\n<div style=\"text-align: justify;\">Hace poco m\u00e1s de una semana, Nacho Vegas y Pablo Und Destruktion despidieron el concierto de Mondo Sonoro cantando &#8220;Santa B\u00e1rbara bendita&#8221;. Mi piel se puso de gallina y me sent\u00ed hermanado a cuantos me rodeaban y cantaban tambi\u00e9n ese himno de los mineros. Me ocurre lo mismo cada vez que oigo a Serrat cantar &#8220;caminante no hay camino&#8221; o &#8220;Yo me bajo en Atocha&#8221; a Sabina. Supongo que cada uno tiene sus patrias y se siente solidario con ciertas gentes.&nbsp;<\/div>\n<div style=\"text-align: justify;\"><\/div>\n<div style=\"text-align: justify;\">En mi caso, insisto, me cuesta sentirme representado por el actual Himno y la actual bandera. Mi pueblo no es el que luce esos colores, sino el que lleva una bandera que en su franja morada reivindica a Riego, los afrancesados, la aniquilada (e imposible) ilustraci\u00f3n, Goya, Machado, Lorca, la laicidad del Estado y los valores ciudadanos. Sin ser muy partidario de los s\u00edmbolos, hoy, s\u00ed podr\u00eda sentirme unido a esa bandera.&nbsp;<\/div>\n<div style=\"text-align: justify;\"><\/div>\n<div style=\"text-align: justify;\">Y aunque soy respetuoso con los s\u00edmbolos ajenos y hasta me santiguo al entrar en una iglesia, creo el problema no es que dos aficiones piten el Himno, sino que ese Himno hace ya muchos a\u00f1os que perdi\u00f3 su legitimidad para buena parte de la poblaci\u00f3n. Como tantas otras cosas. Aunque haya quien no quiera verlo.&nbsp;<\/div>\n<p><img decoding=\"async\" src=\"http:\/\/feeds.feedburner.com\/~r\/DeLibertadElBlogDeAlbertoGmezVaquero\/~4\/m_fASNxDwPc\" height=\"1\" width=\"1\" alt=\"\"\/><\/p>\n","protected":false},"excerpt":{"rendered":"<div>Con la en&eacute;sima final de copa entre Athletic y Barcelona vuelve a aparecer en el debate el m&aacute;s que probable pitido al Himno Nacional cuando suene al comienzo de la final. Hay quien dice (los que siempre son muy sensibles a estas cosas y muy pocos a que sus amados l&iacute;deres evadan impuestos) que deber&iacute;a anularse la final en caso de que tales pitidos se produzcan y se&ntilde;alan a Sarkozy, llenos de ira y envidia, quien anul&oacute; un partido cuando la afici&oacute;n tunecina pit&oacute; la Marsellesa.&nbsp;<\/div>\n<div><\/div>\n<div>Hay, incluso, quien distribuye una foto de 1940 con los jugadores de ambos equipos, Athletic y Bar&ccedil;a, en una final similar, levantando el brazo en el medio del campo en el, entonces habitual, saludo fascista. Que uno se pregunta qu&eacute; valor puede tener tal foto que habr&iacute;a sido id&eacute;ntica de haber sido jugada la final por el Betis y el Valladolid, o por el Rayo y el Osasuna. &iquest;Tienen envidia a lo mejor de aquella uniformidad aparente, de aquel &#8220;prietas las filas&#8221; que el miedo impon&iacute;a?<\/div>\n<div><\/div>\n<div>A m&iacute;, personalmente, que piten el Himno o no me la trae bastante al pairo. No es que no sea patriota, es que, como le pasa a mucha gente, soy incapaz de identificarme con ese Himno. Y tal vez sea &eacute;se el <i>quid<\/i> de la cuesti&oacute;n: &iquest;Hasta qu&eacute; punto se pueden llamar &#8220;Nacionales&#8221; a unos s&iacute;mbolos por los que buena parte de la poblaci&oacute;n no s&oacute;lo siente indiferencia sino, en algunos casos, repugnancia? &iquest;Hasta qu&eacute; punto cuando tales s&iacute;mbolos han sido aprobados hace ya m&aacute;s de una generaci&oacute;n y en un contexto de coacci&oacute;n post-dictatorial?&nbsp;<\/div>\n<div><\/div>\n<div>Hace poco m&aacute;s de una semana, Nacho Vegas y Pablo Und Destruktion despidieron el concierto de Mondo Sonoro cantando &#8220;Santa B&aacute;rbara bendita&#8221;. Mi piel se puso de gallina y me sent&iacute; hermanado a cuantos me rodeaban y cantaban tambi&eacute;n ese himno de los mineros. Me ocurre lo mismo cada vez que oigo a Serrat cantar &#8220;caminante no hay camino&#8221; o &#8220;Yo me bajo en Atocha&#8221; a Sabina. Supongo que cada uno tiene sus patrias y se siente solidario con ciertas gentes.&nbsp;<\/div>\n<div><\/div>\n<div>En mi caso, insisto, me cuesta sentirme representado por el actual Himno y la actual bandera. Mi pueblo no es el que luce esos colores, sino el que lleva una bandera que en su franja morada reivindica a Riego, los afrancesados, la aniquilada (e imposible) ilustraci&oacute;n, Goya, Machado, Lorca, la laicidad del Estado y los valores ciudadanos. Sin ser muy partidario de los s&iacute;mbolos, hoy, s&iacute; podr&iacute;a sentirme unido a esa bandera.&nbsp;<\/div>\n<div><\/div>\n<div>Y aunque soy respetuoso con los s&iacute;mbolos ajenos y hasta me santiguo al entrar en una iglesia, creo el problema no es que dos aficiones piten el Himno, sino que ese Himno hace ya muchos a&ntilde;os que perdi&oacute; su legitimidad para buena parte de la poblaci&oacute;n. Como tantas otras cosas. Aunque haya quien no quiera verlo.&nbsp;<\/div>\n<p><img decoding=\"async\" src=\"http:\/\/feeds.feedburner.com\/~r\/DeLibertadElBlogDeAlbertoGmezVaquero\/~4\/m_fASNxDwPc\" height=\"1\" width=\"1\" alt=\"\"><\/p>\n","protected":false},"author":10,"featured_media":0,"comment_status":"closed","ping_status":"closed","sticky":false,"template":"","format":"standard","meta":{"footnotes":"","_links_to":"","_links_to_target":""},"categories":[5481,3935,3859,5482,5484],"tags":[],"class_list":["post-608","post","type-post","status-publish","format-standard","hentry","category-athletic","category-barcelona","category-ediciones-resaca","category-final-de-copa","category-simbolos-nacionales"],"_links":{"self":[{"href":"https:\/\/clubdepoesia.com\/albertogomezvaquero\/wp-json\/wp\/v2\/posts\/608","targetHints":{"allow":["GET"]}}],"collection":[{"href":"https:\/\/clubdepoesia.com\/albertogomezvaquero\/wp-json\/wp\/v2\/posts"}],"about":[{"href":"https:\/\/clubdepoesia.com\/albertogomezvaquero\/wp-json\/wp\/v2\/types\/post"}],"author":[{"embeddable":true,"href":"https:\/\/clubdepoesia.com\/albertogomezvaquero\/wp-json\/wp\/v2\/users\/10"}],"replies":[{"embeddable":true,"href":"https:\/\/clubdepoesia.com\/albertogomezvaquero\/wp-json\/wp\/v2\/comments?post=608"}],"version-history":[{"count":0,"href":"https:\/\/clubdepoesia.com\/albertogomezvaquero\/wp-json\/wp\/v2\/posts\/608\/revisions"}],"wp:attachment":[{"href":"https:\/\/clubdepoesia.com\/albertogomezvaquero\/wp-json\/wp\/v2\/media?parent=608"}],"wp:term":[{"taxonomy":"category","embeddable":true,"href":"https:\/\/clubdepoesia.com\/albertogomezvaquero\/wp-json\/wp\/v2\/categories?post=608"},{"taxonomy":"post_tag","embeddable":true,"href":"https:\/\/clubdepoesia.com\/albertogomezvaquero\/wp-json\/wp\/v2\/tags?post=608"}],"curies":[{"name":"wp","href":"https:\/\/api.w.org\/{rel}","templated":true}]}}