{"id":37,"date":"2011-11-24T08:59:00","date_gmt":"2011-11-24T08:59:00","guid":{"rendered":"http:\/\/clubdepoesia.com\/albertogomezvaquero\/?guid=dbe0ea51b951a5da406fe9072709227d"},"modified":"2011-11-24T08:59:00","modified_gmt":"2011-11-24T08:59:00","slug":"critica-e-inquina","status":"publish","type":"post","link":"https:\/\/clubdepoesia.com\/albertogomezvaquero\/2011\/11\/24\/critica-e-inquina\/","title":{"rendered":"Cr\u00edtica e inquina"},"content":{"rendered":"<div style=\"text-align: justify;\">A veces el mundo literario me da pena. Tenemos todos tanto ego. Tanta envidia. Es verdad que casi todo &#8211; premios, publicaciones, entrevistas, cr\u00edticas &#8211; est\u00e1 contaminado por el enchufismo o por el inter\u00e9s mercantil. Es verdad que muchos grandes escritores apenas venden un centenar de ejemplares mientras otros, que no saben ni conjugar decentemente, venden cientos de miles. Es normal que eso hiera el ego y produzca resquemor. Pero al final, se termina produciendo tanta palabra, tanta cr\u00edtica movida por la inquina y la envidia que da pena. Mucha pena.&nbsp;<\/div>\n<div style=\"text-align: justify;\"><\/div>\n<div style=\"text-align: justify;\">No suelo hablar en p\u00fablico de los libros que no me gustan, que no recomendar\u00eda comprar. \u00bfPara qu\u00e9? Es cierto que eso me traer\u00eda m\u00e1s lectores. Estoy seguro. Por ejemplo, bastar\u00eda con unirme al coro de destructores de <a href=\"http:\/\/www.google.es\/search?source=ig&amp;hl=es&amp;rlz=&amp;q=luna+miguel+cr%C3%ADtica&amp;btnG=Buscar+con+Google&amp;meta=lr=&amp;aq=f&amp;oq=\">Luna Miguel<\/a>, una veintea\u00f1era que ha cometido el error de dar el cante siendo una ni\u00f1a y estando buena. Imperdonable. Porque, honestamente, eso es lo que se le ha criticado. No si sus libros son buenos o malos, no si su poes\u00eda se queda en la pose o llega m\u00e1s all\u00e1. Se ha hablado de su familia &#8211; al parecer due\u00f1a de una editorial -, de que si el primer premio que le dieron estaba ama\u00f1ado, de que si va de maldita y no lo es&#8230;de todo, menos de sus versos.&nbsp;<\/div>\n<div style=\"text-align: justify;\"><\/div>\n<div style=\"text-align: justify;\">Y lo mismo con Alberto Olmos, que cometi\u00f3 la imprudencia &#8211; \u00bfMeditada? &#8211; de salir en una entrevista diciendo que quienes no venden ni 500 ejemplares no pueden considerarse escritores. Una peque\u00f1a boutade que lo elev\u00f3 sobre una ola de improperios en la que poco o nada se dec\u00eda de lo verdaderamente importante: el libro que presentaba. Que a\u00fan no he le\u00eddo. Pero que seguro que es de gran calidad porque Olmos, guste o no su persona, es un buen escritor. Y adem\u00e1s, no es tan cantama\u00f1anas como quiere pintarle la prensa. Basta con pasarse por su <a href=\"http:\/\/hkkmr.blogspot.com\/\">blog<\/a>: derrocha cordura.&nbsp;<\/div>\n<div style=\"text-align: justify;\"><\/div>\n<div style=\"text-align: justify;\">Y ni hablar de las burradas que se dicen, en Internet y a viva voz, sobre Luis Garc\u00eda Montero, quiz\u00e1s el hombre con m\u00e1s poder y al mismo tiempo m\u00e1s denostado de toda la poes\u00eda en castellano. Un tipo del que se ha criticado mucho y <a href=\"http:\/\/criticadepoesia.blogspot.com\/2011\/09\/luis-garcia-montero-un-invierno-propio.html\">a veces con raz\u00f3n<\/a>, pero al que la mayor\u00eda trata de llegar con parabienes para ver si le toca alg\u00fan premio al mismo tiempo que, por detr\u00e1s y generalmente desde el anonimato, va dejando comentarios llenos de envidia sobre su persona. S\u00ed, hay que hablar de muchas cosas acerca del grupo Visor. Por el bien de la poes\u00eda. pero en Visor tambi\u00e9n se publican buenos libros. Sin ir m\u00e1s lejos. F\u00e9lix Grande acaba de sacar uno buen\u00edsimo titulado &#8220;Libro de familia&#8221;. Hablemos, de vez en cuando, tambi\u00e9n de los libros, de los poemas y no s\u00f3lo de los chanchullos y de lo bien que se trata a unos en la prensa y de lo mal que se trata a otros. Y hablemos nosotros porque la prensa, precisamente, sabemos que no lo va a hacer. \u00bfPara qu\u00e9? Prisa vive de publicitar sus propias editoriales, el resto de publicitar a quienes previamente han pagado un anuncio. Seamos sinceros: si toda nuestra energ\u00eda cr\u00edtica la&nbsp;volc\u00e1ramos&nbsp;en comentar s\u00f3lo aquellos libros que creemos que&nbsp;engrandecen&nbsp;la literatura y el lenguaje, todos ganar\u00edamos m\u00e1s.&nbsp;<\/div>\n<div style=\"text-align: justify;\"><\/div>\n<div style=\"text-align: justify;\">S\u00ed, <a href=\"http:\/\/criticadepoesia.blogspot.com\/\">Addison de Witt<\/a> es necesario. Pero tambi\u00e9n es necesario otro tipo de cr\u00edtica. La positiva. La que desde el an\u00e1lisis, el conocimiento y la objetividad recomienda libros. No personas. Libros. No tendencias. Libros. Y de esa hay poca. Muy poca.&nbsp;<\/div>\n<div style=\"text-align: justify;\"><\/div>\n<div style=\"text-align: justify;\">Estoy harto, de verdad, de tanto resentimiento, de no poder leer un blog literario sin que se cuele la inquina, el n\u00famero de ejemplares vendidos, la publicidad recibida, los supuesto favores cobrados&#8230;Estoy cada vez m\u00e1s cansado del intramundo literario porque cada vez se aleja m\u00e1s de la literatura. A m\u00ed no me gustan los escritores. No me gusta el marketing. No me gustan ni las cifras ni los amiguismos. Los conozco. S\u00e9 que son parte fundamental del negocio. Pero lo son para todos. Incluso para los que van de puristas y critican actos &nbsp;en los que, en realidad, desear\u00edan estar participando. \u00bfO todos ellos rechazar\u00edan un premio importante entregado por un amigo o por una editorial interesada, no en su obra, sino en su prestigio, por ejemplo? Honestamente, no me lo creo.&nbsp;<\/div>\n<div style=\"text-align: justify;\"><\/div>\n<div style=\"text-align: justify;\">A m\u00ed me gustan los libros, la literatura, la vanguardia literaria, el riesgo, la exigencia. Me gusta hablar y discutir sobre litertura, pero sin mezclar el rencor, la inquina personal o el resentimiento. Porque de eso ya vamos sobrados por otros frentes.<\/p>\n<p>P.S: Por cierto, tambi\u00e9n habr\u00eda que hablar mucho de la vida literaria fuera de la Red. Madrid, por ejemplo, es un hervidero de actividades. Si vas a unas eres de un grupillo. Si vas a otras, de otro. Si no vas a casi ninguna, como yo, simplemente, no existes. Ayer me lo dec\u00eda un amigo: &#8220;En literatura y sobre todo en poes\u00eda, si quieres ser alguien, antes o despu\u00e9s tienes que comenzar a hacerte el circuito de tertulias, presentaciones, etc.&#8221;. Es decir: dar palmaditas, regalar libros, mamar falos a los cr\u00edticos,&#8230;todas esas actividades tan relacionadas con la literatura. Pero en fin, no critiquemos eso tampoco. Centr\u00e9monos en los libros. Los benditos libros. Y olvid\u00e9monos de quienes viven pensando tan solo en la estatua que han de ponerles un d\u00eda.&nbsp;<\/p><\/div>\n<p><\/p>\n<div class=\"blogger-post-footer\"><img width='1' height='1' src='https:\/\/blogger.googleusercontent.com\/tracker\/15543049-6574132845552512168?l=delibertad.blogspot.com' alt='' \/><\/div>\n","protected":false},"excerpt":{"rendered":"<p>A veces el mundo literario me da pena. Tenemos todos tanto ego. Tanta envidia. Es verdad que casi todo &#8211; premios, publicaciones, entrevistas, cr\u00edticas &#8211; est\u00e1 contaminado por el enchufismo o por el inter\u00e9s mercantil. Es verdad que muchos grandes escr&#8230;<\/p>\n","protected":false},"author":11,"featured_media":0,"comment_status":"closed","ping_status":"closed","sticky":false,"template":"","format":"standard","meta":{"footnotes":"","_links_to":"","_links_to_target":""},"categories":[3866,3868,3867,3871,3859,3874,787,812,3872,3869,791,836],"tags":[],"class_list":["post-37","post","type-post","status-publish","format-standard","hentry","category-addison-de-witt","category-alberto-olmos","category-blogs","category-critica","category-ediciones-resaca","category-escribir","category-escritores","category-literatura","category-luis-garcia-montero","category-luna-miguel","category-poesia","category-prensa"],"_links":{"self":[{"href":"https:\/\/clubdepoesia.com\/albertogomezvaquero\/wp-json\/wp\/v2\/posts\/37","targetHints":{"allow":["GET"]}}],"collection":[{"href":"https:\/\/clubdepoesia.com\/albertogomezvaquero\/wp-json\/wp\/v2\/posts"}],"about":[{"href":"https:\/\/clubdepoesia.com\/albertogomezvaquero\/wp-json\/wp\/v2\/types\/post"}],"author":[{"embeddable":true,"href":"https:\/\/clubdepoesia.com\/albertogomezvaquero\/wp-json\/wp\/v2\/users\/11"}],"replies":[{"embeddable":true,"href":"https:\/\/clubdepoesia.com\/albertogomezvaquero\/wp-json\/wp\/v2\/comments?post=37"}],"version-history":[{"count":0,"href":"https:\/\/clubdepoesia.com\/albertogomezvaquero\/wp-json\/wp\/v2\/posts\/37\/revisions"}],"wp:attachment":[{"href":"https:\/\/clubdepoesia.com\/albertogomezvaquero\/wp-json\/wp\/v2\/media?parent=37"}],"wp:term":[{"taxonomy":"category","embeddable":true,"href":"https:\/\/clubdepoesia.com\/albertogomezvaquero\/wp-json\/wp\/v2\/categories?post=37"},{"taxonomy":"post_tag","embeddable":true,"href":"https:\/\/clubdepoesia.com\/albertogomezvaquero\/wp-json\/wp\/v2\/tags?post=37"}],"curies":[{"name":"wp","href":"https:\/\/api.w.org\/{rel}","templated":true}]}}