{"id":146,"date":"2012-03-08T18:19:00","date_gmt":"2012-03-08T18:19:00","guid":{"rendered":"http:\/\/clubdepoesia.com\/albertogomezvaquero\/?guid=367a0b91f38632aa0ef4a98a8d05ddef"},"modified":"2012-03-08T18:19:00","modified_gmt":"2012-03-08T18:19:00","slug":"entrevistas-a-paca-aguirre-y-laura-casielles","status":"publish","type":"post","link":"https:\/\/clubdepoesia.com\/albertogomezvaquero\/2012\/03\/08\/entrevistas-a-paca-aguirre-y-laura-casielles\/","title":{"rendered":"Entrevistas a Paca Aguirre y Laura Casielles"},"content":{"rendered":"<p>Os dejo las entrevistas completas a Paca Aguirre y Laura Casielles de la que saqu\u00e9 el reportaje para Diagonal que ya vincul\u00e9 aqu\u00ed.<\/p>\n<p><a href=\"http:\/\/www.poesiaerestu.com\/revista\/?p=987\">Entrevista a Paca Aguirre<\/a><br \/><a href=\"http:\/\/www.poesiaerestu.com\/revista\/?p=983\">Entrevista a Laura Casielles<\/a><\/p>\n<div class=\"blogger-post-footer\"><img width='1' height='1' src='https:\/\/blogger.googleusercontent.com\/tracker\/15543049-1743085558632636291?l=delibertad.blogspot.com' alt='' \/><\/div>\n","protected":false},"excerpt":{"rendered":"<p>Os dejo las entrevistas completas a Paca Aguirre y Laura Casielles de la que saqu\u00e9 el reportaje para Diagonal que ya vincul\u00e9 aqu\u00ed.Entrevista a Paca AguirreEntrevista a Laura Casielles<\/p>\n","protected":false},"author":11,"featured_media":0,"comment_status":"closed","ping_status":"closed","sticky":false,"template":"","format":"standard","meta":{"footnotes":"","_links_to":"","_links_to_target":""},"categories":[3859,4015,3884,4030],"tags":[],"class_list":["post-146","post","type-post","status-publish","format-standard","hentry","category-ediciones-resaca","category-entrevista","category-francisca-aguirre","category-laura-casielles"],"_links":{"self":[{"href":"https:\/\/clubdepoesia.com\/albertogomezvaquero\/wp-json\/wp\/v2\/posts\/146","targetHints":{"allow":["GET"]}}],"collection":[{"href":"https:\/\/clubdepoesia.com\/albertogomezvaquero\/wp-json\/wp\/v2\/posts"}],"about":[{"href":"https:\/\/clubdepoesia.com\/albertogomezvaquero\/wp-json\/wp\/v2\/types\/post"}],"author":[{"embeddable":true,"href":"https:\/\/clubdepoesia.com\/albertogomezvaquero\/wp-json\/wp\/v2\/users\/11"}],"replies":[{"embeddable":true,"href":"https:\/\/clubdepoesia.com\/albertogomezvaquero\/wp-json\/wp\/v2\/comments?post=146"}],"version-history":[{"count":0,"href":"https:\/\/clubdepoesia.com\/albertogomezvaquero\/wp-json\/wp\/v2\/posts\/146\/revisions"}],"wp:attachment":[{"href":"https:\/\/clubdepoesia.com\/albertogomezvaquero\/wp-json\/wp\/v2\/media?parent=146"}],"wp:term":[{"taxonomy":"category","embeddable":true,"href":"https:\/\/clubdepoesia.com\/albertogomezvaquero\/wp-json\/wp\/v2\/categories?post=146"},{"taxonomy":"post_tag","embeddable":true,"href":"https:\/\/clubdepoesia.com\/albertogomezvaquero\/wp-json\/wp\/v2\/tags?post=146"}],"curies":[{"name":"wp","href":"https:\/\/api.w.org\/{rel}","templated":true}]}}