{"id":125,"date":"2012-02-13T08:42:00","date_gmt":"2012-02-13T08:42:00","guid":{"rendered":"http:\/\/clubdepoesia.com\/albertogomezvaquero\/?guid=0d3715eb377feb421bf620fd0bb604c5"},"modified":"2012-02-13T08:42:00","modified_gmt":"2012-02-13T08:42:00","slug":"sobre-la-nueva-reforma-laboral","status":"publish","type":"post","link":"https:\/\/clubdepoesia.com\/albertogomezvaquero\/2012\/02\/13\/sobre-la-nueva-reforma-laboral\/","title":{"rendered":"Sobre la nueva reforma laboral"},"content":{"rendered":"<div style=\"text-align: justify;\">Todos cre\u00edamos que cuando la Ministra comenzara a anunciar la nueva reforma laboral, sobre la sede de la CEOE volar\u00edan fuegos art\u00edficiales. Pero qu\u00e9 va. El mal nunca se sacia. Por eso minutos despu\u00e9s mandaron a Duran i Lleida a la puerta del Ritz ha decir que eso del derecho a huelga es algo anacr\u00f3nico que, adem\u00e1s, va contra el inter\u00e9s general &#8211; algo que nos recuerda un poco al ideario fascista, pero s\u00f3lo de lejos -.<\/div>\n<div style=\"text-align: justify;\"><\/div>\n<div style=\"text-align: justify;\">Le\u00edda la reforma, algunos nos preguntamos si es de inter\u00e9s general que Duran i Lleida se aloje en el Ritz o si podemos echar con 20 d\u00edas de indeminzaci\u00f3n a Rajoy si el pa\u00eds no mejora o, simplemente, por considerar que \u00e9l tiene baja productividad. Aunque no creemos. Nos da en la nariz que esta reforma s\u00f3lo afecta a los trabajadores. No s\u00e9 si pillan la gracia.<\/div>\n<div style=\"text-align: justify;\"><\/div>\n<div style=\"text-align: justify;\">Puestos a hacernos preguntas, tambi\u00e9n nos preguntamos si ese mantra de que la bajada de salarios va a beneficiar la competitividad en el extranjero tiene como objetivo convertir a Espa\u00f1a en un pa\u00eds como China, sin duda, el l\u00edder mundial en cuanto a competencia y un ejemplo mundial &#8211; para los empresarios, claro &#8211; de c\u00f3mo debe tratarse a los trabajadores. Un plato de arroz, jornadas de doce horas, nada de huelga y mucha disciplina. Eso es lo que vende.<\/div>\n<div style=\"text-align: justify;\"><\/div>\n<div style=\"text-align: justify;\">Mientras, en el bar, los obreretes espa\u00f1oles ven el f\u00fatbol y se alegran porque ha perdido el Barcelona, y ya era hora. O desayunan caf\u00e9 y churros en el restaurante de moda. Les suena &#8211; de o\u00eddas &#8211; que hubo un tiempo en que trabajar no era una actividad que te ocupaba todo el d\u00eda y que te exig\u00eda lealtad y sumisi\u00f3n ilimitada al jefe, so pena de despido procedente &#8211; 20 d\u00edas &#8211; y cuarenta latigazos. En aquellos d\u00edas un hombre ten\u00eda derecho a un sueldo digno, que aumentaba con el IPC, a horas extras, a trabajos indefinidos, a una indeminzaci\u00f3n de 45 d\u00edas y, llegado el momento, a jubilarse a los 65. S\u00ed, algo les suena, piensan mientras degluten el tercer churro. Pero seguro que son leyendas. Al fin y al cabo, \u00bfen qu\u00e9 cabeza cabe que los obreros puedan hacer algo m\u00e1s que trabajar, cerrar la boca y ver el f\u00fatbol los domingos?<\/div>\n<div style=\"text-align: justify;\"><\/div>\n<div style=\"text-align: justify;\">\u00bfRepugnancia? S\u00ed, mucha. Pero, con el tiempo, uno se va a costumbrando a convivir con las arcadas.&nbsp;<\/div>\n<div class=\"blogger-post-footer\"><img width='1' height='1' src='https:\/\/blogger.googleusercontent.com\/tracker\/15543049-4028063781299161841?l=delibertad.blogspot.com' alt='' \/><\/div>\n","protected":false},"excerpt":{"rendered":"<p>Todos cre\u00edamos que cuando la Ministra comenzara a anunciar la nueva reforma laboral, sobre la sede de la CEOE volar\u00edan fuegos art\u00edficiales. Pero qu\u00e9 va. El mal nunca se sacia. Por eso minutos despu\u00e9s mandaron a Duran i Lleida a la puerta del Ritz &#8230;<\/p>\n","protected":false},"author":11,"featured_media":0,"comment_status":"closed","ping_status":"closed","sticky":false,"template":"","format":"standard","meta":{"footnotes":"","_links_to":"","_links_to_target":""},"categories":[4047,4048,3859,3917,4049,3991,3989],"tags":[],"class_list":["post-125","post","type-post","status-publish","format-standard","hentry","category-ceoe","category-duran-i-lleida","category-ediciones-resaca","category-pp","category-reforma-laboral","category-trabajadores","category-trabajo"],"_links":{"self":[{"href":"https:\/\/clubdepoesia.com\/albertogomezvaquero\/wp-json\/wp\/v2\/posts\/125","targetHints":{"allow":["GET"]}}],"collection":[{"href":"https:\/\/clubdepoesia.com\/albertogomezvaquero\/wp-json\/wp\/v2\/posts"}],"about":[{"href":"https:\/\/clubdepoesia.com\/albertogomezvaquero\/wp-json\/wp\/v2\/types\/post"}],"author":[{"embeddable":true,"href":"https:\/\/clubdepoesia.com\/albertogomezvaquero\/wp-json\/wp\/v2\/users\/11"}],"replies":[{"embeddable":true,"href":"https:\/\/clubdepoesia.com\/albertogomezvaquero\/wp-json\/wp\/v2\/comments?post=125"}],"version-history":[{"count":0,"href":"https:\/\/clubdepoesia.com\/albertogomezvaquero\/wp-json\/wp\/v2\/posts\/125\/revisions"}],"wp:attachment":[{"href":"https:\/\/clubdepoesia.com\/albertogomezvaquero\/wp-json\/wp\/v2\/media?parent=125"}],"wp:term":[{"taxonomy":"category","embeddable":true,"href":"https:\/\/clubdepoesia.com\/albertogomezvaquero\/wp-json\/wp\/v2\/categories?post=125"},{"taxonomy":"post_tag","embeddable":true,"href":"https:\/\/clubdepoesia.com\/albertogomezvaquero\/wp-json\/wp\/v2\/tags?post=125"}],"curies":[{"name":"wp","href":"https:\/\/api.w.org\/{rel}","templated":true}]}}